{"id":16106,"date":"2023-06-19T00:00:00","date_gmt":"2023-06-19T00:00:00","guid":{"rendered":"https:\/\/tuttodigitale.net\/tech\/capire-limmagine-di-copertina-su-facebook-e-altre-piattaforme-di-social-media\/"},"modified":"2023-06-19T00:00:00","modified_gmt":"2023-06-19T00:00:00","slug":"capire-limmagine-di-copertina-su-facebook-e-altre-piattaforme-di-social-media","status":"publish","type":"post","link":"https:\/\/tuttodigitale.net\/tech\/capire-limmagine-di-copertina-su-facebook-e-altre-piattaforme-di-social-media\/","title":{"rendered":"Capire l&#8217;immagine di copertina su Facebook e altre piattaforme di social media"},"content":{"rendered":"<div class=\"orig\">\n<div class=\"origqestion\">Qual \u00e8 l&#8217;immagine di copertina su Facebook?<\/div>\n<div class=\"origanswer\"><span><span>L&#8217;<b>immagine di copertina \u00e8<\/b> un&#8217;<b>immagine di<\/b> grandi dimensioni visualizzata nella parte superiore del tuo <b>profilo<\/b>. Ci\u00f2 ti consente <b>di<\/b> pubblicare un&#8217;<b>immagine<\/b> unica in grado <b>di<\/b> esprimere chi sei o ci\u00f2 che ti interessa.<\/span><\/span><\/div>\n<div class=\"origurl\">\n\t\t\t\t\t<span> Leggi di pi\u00f9 su<\/span> <a href=\"https:\/\/it-it.workplace.com\/help\/work\/416233365237939\">it-it.workplace.com<\/a>\n\t\t\t\t<\/div>\n<\/p><\/div>\n<div class=\"articlecontent\">\n<div class=\"newlinediv\"><\/div>\n<p> Le piattaforme di social media sono ormai una parte cruciale della nostra vita quotidiana e ci mettono in contatto con amici, familiari e clienti. Una delle caratteristiche pi\u00f9 importanti delle piattaforme di social media \u00e8 l&#8217;immagine di copertina. \u00c8 la prima cosa che le persone vedono quando visitano il vostro profilo o la vostra pagina. In questo articolo spiegheremo cos&#8217;\u00e8 l&#8217;immagine di copertina, come cambiarla su Facebook e come personalizzare il profilo su altre piattaforme. <\/p>\n<div class=\"title\"> Che cos&#8217;\u00e8 un&#8217;immagine di copertina su Facebook? <\/div>\n<p> L&#8217;immagine di copertina \u00e8 la grande immagine orizzontale che appare nella parte superiore del profilo o della pagina di Facebook. Fornisce una rappresentazione visiva della vostra personalit\u00e0 o del vostro marchio e pu\u00f2 essere utilizzata per mostrare i vostri interessi, prodotti e servizi. Le immagini di copertina di Facebook devono essere larghe almeno 400 pixel e alte 150 pixel per essere caricate. <\/p>\n<div class=\"newlinediv\"><\/div>\n<p> Come cambiare l&#8217;immagine di copertina di un album su Facebook? <\/p>\n<div class=\"title\"> Se si desidera modificare l&#8217;immagine di copertina di un album su Facebook, seguire questi semplici passaggi: <\/div>\n<p> 1. Accedere al proprio profilo o pagina e fare clic sull&#8217;album che si desidera modificare. <\/p>\n<div class=\"newlinediv\"><\/div>\n<p> 2. Cliccare sull&#8217;icona dei tre puntini nell&#8217;angolo superiore destro dello schermo. <\/p>\n<div class=\"newlinediv\"><\/div>\n<p> 3. Selezionare &#8220;Modifica album&#8221; dal menu a discesa. <\/p>\n<div class=\"newlinediv\"><\/div>\n<p> 4. Scegliere la foto che si desidera utilizzare come immagine di copertina e fare clic su &#8220;Salva&#8221;. <\/p>\n<div class=\"title\"> Come cambiare la copertina di un evento Facebook? <\/div>\n<p> Se si desidera modificare l&#8217;immagine di copertina di un evento Facebook, procedere come segue: <\/p>\n<div class=\"newlinediv\"><\/div>\n<p> 1. Andare alla pagina dell&#8217;evento e cliccare su &#8220;Modifica&#8221;. <\/p>\n<div class=\"newlinediv\"><\/div>\n<p> 2. Cliccare sull&#8217;immagine di copertina e selezionare &#8220;Modifica&#8221;. <\/p>\n<div class=\"newlinediv\"><\/div>\n<p> 3. Scegliere la foto che si desidera utilizzare come immagine di copertina e fare clic su &#8220;Salva&#8221;. <\/p>\n<div class=\"title\"> Come inserire l&#8217;immagine di copertina di un video? <\/div>\n<p> Se si desidera inserire un&#8217;immagine di copertina nel proprio video di Facebook, seguire i seguenti passaggi: <\/p>\n<div class=\"newlinediv\"><\/div>\n<p> 1. Caricare il video sulla propria pagina o profilo Facebook. <\/p>\n<div class=\"newlinediv\"><\/div>\n<p> 2. Passare il mouse sul video e fare clic sull&#8217;icona della matita per modificarlo. <\/p>\n<div class=\"newlinediv\"><\/div>\n<p> 3. Scegliere una miniatura dalle opzioni disponibili o caricare un&#8217;immagine personalizzata. <\/p>\n<div class=\"title\"> Come cambiare il layout di Instagram? <\/div>\n<p> Per modificare il layout di Instagram, procedere come segue: <\/p>\n<div class=\"newlinediv\"><\/div>\n<p> 1. Aprire l&#8217;applicazione Instagram e accedere al proprio profilo. <\/p>\n<div class=\"newlinediv\"><\/div>\n<p> 2. Toccare l&#8217;icona delle tre linee nell&#8217;angolo superiore destro dello schermo. <\/p>\n<div class=\"newlinediv\"><\/div>\n<p> 3. Selezionare &#8220;Impostazioni&#8221; e poi &#8220;Tema&#8221;. <\/p>\n<div class=\"newlinediv\"><\/div>\n<p> 4. Scegliere il layout che si desidera utilizzare. <\/p>\n<div class=\"title\"> Come mettere Instagram colorato? <\/div>\n<p> Per mettere Instagram colorato, seguire i seguenti passaggi: <\/p>\n<div class=\"newlinediv\"><\/div>\n<p> 1. Scaricare l&#8217;applicazione Colorful Instagram. <\/p>\n<div class=\"newlinediv\"><\/div>\n<p> 2. Aprire l&#8217;app e scegliere la foto che si desidera modificare. <\/p>\n<div class=\"newlinediv\"><\/div>\n<p> 3. Selezionare il colore che si desidera utilizzare e applicarlo alla foto. <\/p>\n<div class=\"newlinediv\"><\/div>\n<p> 4. Salvare e condividere la foto colorata di Instagram.<\/p><\/div>\n<div class=\"questions\">\n<div class=\"questionstitle\">FAQ<\/div>\n<div class=\"question\">\n<div class=\"qtitle\"> A proposito di questo, come cambiare il layout della pagina Facebook?<\/div>\n<p> Per modificare il layout di una pagina Facebook, \u00e8 possibile accedere all&#8217;opzione Impostazioni della pagina Facebook e selezionare Modifica pagina. Da qui \u00e8 possibile scegliere tra diversi modelli e layout per personalizzare l&#8217;aspetto della pagina. \u00c8 importante notare che non tutti i modelli sono disponibili per tutti i tipi di pagine, quindi potrebbe essere necessario sperimentare diverse opzioni per trovare quella giusta per le proprie esigenze. Inoltre, \u00e8 possibile personalizzare l&#8217;immagine di copertina della propria pagina Facebook caricando una nuova foto o un video che soddisfi le linee guida della piattaforma. <\/p>\n<\/div>\n<div class=\"question\">\n<div class=\"qtitle\"> Cos&#8217;\u00e8 l&#8217;immagine del profilo?<\/div>\n<p> L&#8217;immagine del profilo sulle piattaforme di social media \u00e8 una piccola immagine che rappresenta l&#8217;account o la pagina di un utente. In genere viene visualizzata accanto al nome dell&#8217;utente e pu\u00f2 apparire in varie dimensioni a seconda della piattaforma e del dispositivo utilizzato. Viene spesso utilizzata per identificare l&#8217;utente o la pagina e pu\u00f2 essere personalizzata con immagini personali o del marchio. <\/p>\n<\/div>\n<div class=\"question\">\n<div class=\"qtitle\"> Come cambiare l&#8217;immagine di copertina?<\/div>\n<p> Per modificare l&#8217;immagine di copertina su Facebook, procedere come segue: <\/p>\n<div class=\"newlinediv\"><\/div>\n<p> 1. Accedere al profilo o alla pagina di Facebook in cui si desidera modificare l&#8217;immagine di copertina. <\/p>\n<div class=\"newlinediv\"><\/div>\n<p> 2. Passare il mouse sull&#8217;immagine di copertina attuale e fare clic sul pulsante &#8220;Cambia copertina&#8221; che appare. <\/p>\n<div class=\"newlinediv\"><\/div>\n<p> 3. Selezionare &#8220;Carica foto&#8221; se si desidera utilizzare una nuova immagine dal computer, oppure scegliere &#8220;Scegli da foto&#8221; per selezionare un&#8217;immagine esistente dagli album di Facebook. <\/p>\n<div class=\"newlinediv\"><\/div>\n<p> 4. Regolare l&#8217;immagine come necessario trascinandola verso l&#8217;alto o verso il basso per riposizionarla, oppure ingrandendola o riducendola per regolarne le dimensioni. <\/p>\n<div class=\"newlinediv\"><\/div>\n<p> 5. Fare clic su &#8220;Salva modifiche&#8221; per applicare la nuova immagine di copertina al profilo o alla pagina.<\/p>\n<\/div>\n<\/div>\n","protected":false},"excerpt":{"rendered":"<p>Qual \u00e8 l&#8217;immagine di copertina su Facebook? L&#8217;immagine di copertina \u00e8 un&#8217;immagine di grandi dimensioni visualizzata nella parte superiore del tuo profilo. Ci\u00f2 ti consente di pubblicare un&#8217;immagine unica in grado di esprimere chi sei o ci\u00f2 che ti interessa. Leggi di pi\u00f9 su it-it.workplace.com Le piattaforme di social media sono ormai una parte cruciale &#8230; <a title=\"Capire l&#8217;immagine di copertina su Facebook e altre piattaforme di social media\" class=\"read-more\" href=\"https:\/\/tuttodigitale.net\/tech\/capire-limmagine-di-copertina-su-facebook-e-altre-piattaforme-di-social-media\/\" aria-label=\"Per saperne di pi\u00f9 su Capire l&#8217;immagine di copertina su Facebook e altre piattaforme di social media\">Leggi tutto<\/a><\/p>\n","protected":false},"author":2929,"featured_media":0,"comment_status":"closed","ping_status":"closed","sticky":false,"template":"","format":"standard","meta":{"footnotes":""},"categories":[3624],"tags":[],"class_list":["post-16106","post","type-post","status-publish","format-standard","hentry","category-ottimizzazione-dei-social-media-smo"],"_links":{"self":[{"href":"https:\/\/tuttodigitale.net\/tech\/wp-json\/wp\/v2\/posts\/16106","targetHints":{"allow":["GET"]}}],"collection":[{"href":"https:\/\/tuttodigitale.net\/tech\/wp-json\/wp\/v2\/posts"}],"about":[{"href":"https:\/\/tuttodigitale.net\/tech\/wp-json\/wp\/v2\/types\/post"}],"author":[{"embeddable":true,"href":"https:\/\/tuttodigitale.net\/tech\/wp-json\/wp\/v2\/users\/2929"}],"replies":[{"embeddable":true,"href":"https:\/\/tuttodigitale.net\/tech\/wp-json\/wp\/v2\/comments?post=16106"}],"version-history":[{"count":0,"href":"https:\/\/tuttodigitale.net\/tech\/wp-json\/wp\/v2\/posts\/16106\/revisions"}],"wp:attachment":[{"href":"https:\/\/tuttodigitale.net\/tech\/wp-json\/wp\/v2\/media?parent=16106"}],"wp:term":[{"taxonomy":"category","embeddable":true,"href":"https:\/\/tuttodigitale.net\/tech\/wp-json\/wp\/v2\/categories?post=16106"},{"taxonomy":"post_tag","embeddable":true,"href":"https:\/\/tuttodigitale.net\/tech\/wp-json\/wp\/v2\/tags?post=16106"}],"curies":[{"name":"wp","href":"https:\/\/api.w.org\/{rel}","templated":true}]}}